{"id":1576,"date":"2014-04-03T11:09:16","date_gmt":"2014-04-03T09:09:16","guid":{"rendered":"https:\/\/syspost.ch?p=1576"},"modified":"2026-01-29T15:17:22","modified_gmt":"2026-01-29T14:17:22","slug":"plus-rapide-plus-productif-plus-avantageaux-le-traitement-integre-du-courrier","status":"publish","type":"post","link":"https:\/\/syspost.ch\/fr\/plus-rapide-plus-productif-plus-avantageaux-le-traitement-integre-du-courrier\/","title":{"rendered":"Plus rapide, plus productif, plus avantageaux: le traitement int\u00e9gr\u00e9 du courrier"},"content":{"rendered":"<h3>Une croissance explosive<\/h3>\n<p>L\u2019Office vaudois de l\u2019assurance-invalidit\u00e9 est n\u00e9 en 1995, avec l\u2019entr\u00e9e en vigueur de la 3e r\u00e9vision de l\u2019AI. \u00c0 l\u2019\u00e9poque, le personnel ne d\u00e9passait pas 95 personnes. Aujourd\u2019hui, l\u2019effectif se monte \u00e0 330 collaboratrices et collaborateurs. Cette croissance n\u2019a pas \u00e9t\u00e9 sans exiger une extension consid\u00e9rable des locaux: le si\u00e8ge de l\u2019OAI Vaud, au num\u00e9ro 8 de l\u2019avenue G\u00e9n\u00e9ral Guisan, \u00e0 Vevey, a \u00e9t\u00e9 agrandi par la construction d\u2019immeubles contigus.<\/p>\n<h3>Le service du courrier mis \u00e0 rude \u00e9preuve<\/h3>\n<p>Au moment d\u2019agrandir le site, les responsables se sont pench\u00e9s avec soin sur les questions relatives \u00e0 la gestion du courrier. La croissance rapide de l\u2019office AI avait en effet entra\u00een\u00e9 un renforcement progressif du service du courrier. Il en est r\u00e9sult\u00e9 une diss\u00e9mination des fonctions sur le site. Le local initialement r\u00e9serv\u00e9 \u00e0 ces services \u00e9tait devenu trop exigu.<\/p>\n<h3>Un nouveau local de courrier<\/h3>\n<p>Construire au c\u0153ur de la cit\u00e9 oblige \u00e0 se soumettre \u00e0 de nombreuses contraintes. Donc, \u00e0 faire des compromis. En ce qui concerne le service du courrier, il a fallu agencer celui-ci dans un local tr\u00e8s bien situ\u00e9 en mati\u00e8re d\u2019acc\u00e8s au b\u00e2timent \u2013 pour le courrier entrant et sortant \u2013 mais relativement long et \u00e9troit. Cette caract\u00e9ristique exigeait passablement d\u2019ing\u00e9niosit\u00e9 de la part des planificateurs pour assurer une gestion optimale des flux.<\/p>\n<h3>Un audit pr\u00e9alable<\/h3>\n<p>Jean-Paul Morel, vice-directeur de l\u2019OAI Vaud, est p\u00e9remptoire: \u00abLe service du courrier est le centre n\u00e9vralgique de notre office: par ann\u00e9e, nous recevons 171\u2018000 documents, repr\u00e9sentant 730\u2018000 pages, et en exp\u00e9dions 407\u2018000 \u2013 tendance croissante.\u00bb Conscient des difficult\u00e9s qui l\u2019attendait, l\u2019OAI a d\u00e9cid\u00e9 de ne pas mettre directement l\u2019agencement de la salle de courrier au concours, mais de proc\u00e9der d\u2019abord \u00e0 un audit approfondi.<\/p>\n<h3>L\u2019audit Syspost<\/h3>\n<p>Un an avant le d\u00e9marrage du projet, l\u2019OAI Vaud a pri\u00e9 Syspost de proc\u00e9der \u00e0 une \u00e9tude des besoins puis de soumettre une proposition de solution. Ce mandat \u00e9tait attribu\u00e9 sans pr\u00e9judice du choix ult\u00e9rieur du fournisseur des \u00e9quipements. Syspost a analys\u00e9 les structures et le fonctionnement du service du courrier de l\u2019OAI, ainsi que les plans du b\u00e2timent et du local attribu\u00e9 au service du courrier.<\/p>\n<h3>Centralisation vs. d\u00e9centralisation<\/h3>\n<p>Soucieux de sa r\u00e9putation de rapidit\u00e9 et d\u2019efficacit\u00e9, l\u2019OAI Vaud s\u2019impose de traiter le courrier entrant dans la journ\u00e9e. Cela implique un traitement acc\u00e9l\u00e9r\u00e9 des documents entrants. Ceux-ci sont tri\u00e9s \u00e0 r\u00e9ception selon une batterie de crit\u00e8res, puis achemin\u00e9s aux postes de scanning qui les num\u00e9risent et les enregistrent suivant de nombreux crit\u00e8res. Les conseillers de l\u2019OAI acc\u00e8dent direc-\u2028tement \u00e0 ces enregistrements et les traitent individuellement. L\u2019un des principaux d\u00e9fis \u00e0 relever concernait l\u2019int\u00e9gration du service de scannage dans le service de r\u00e9ception et d\u2019envoi du courrier. Jusqu\u2019alors, ces deux servi-ces \u00e9taient ind\u00e9pendants l\u2019un de l\u2019autre. La solution pr\u00e9conis\u00e9e par Syspost prenait ce d\u00e9fi en consid\u00e9ration.<\/p>\n<h3>Productivit\u00e9 accrue: le nouveau service du courrier<\/h3>\n<p>Apr\u00e8s \u00e9valuation de l\u2019audit par l\u2019OAI, Syspost a re\u00e7u le mandat d\u2019agencer le nouveau local du courrier. La planification s\u2019est faite en \u00e9troite coordination avec l\u2019OAI. Jean-Paul Morel: \u00abLa coop\u00e9ration a \u00e9t\u00e9 exemplaire. Syspost a combin\u00e9 les r\u00e9sultats de ses analyses avec nos exp\u00e9riences ant\u00e9rieures et nos exigences actuelles et futures pour mettre en place sur 200 m\u00b2 seulement plus de 20 postes de travail ergonomiques \u2013 malgr\u00e9 les contraintes architecturales.\u00bb<\/p>\n<p>Syspost a int\u00e9gr\u00e9 dans son concept d\u00e9finitif les \u00e9quipement pr\u00e9existants. Le nouveau mat\u00e9riel requis pour les postes de tri, de scannage, de distribution, de lev\u00e9e et d\u2019envoi du courrier a \u00e9t\u00e9 s\u00e9lectionn\u00e9 en fonction de son ad\u00e9quation aux nouveaux processus. Gr\u00e2ce \u00e0 un programme ad hoc de formation du personnel, le nouveau centre du courrier a \u00e9t\u00e9 imm\u00e9diatement op\u00e9rationnel \u00e0 100%.<\/p>\n<p>R\u00e9sultat: une productivit\u00e9 nettement accrue et une \u00e9conomie de personnel \u00e9quivalant \u00e0 deux emplois \u00e0 plein temps. Les r\u00e9ductions d\u2019emploi ont pu se faire sans licenciement, ce qui a contribu\u00e9 \u00e0 sauvegarder le haut niveau de satis\u00adfaction et la motivation du personnel.<\/p>\n<p>Case Study: Die waadtl\u00e4ndische IV-Stelle OAI (Office de l\u2019assurance-invalidit\u00e9), Vevey<\/p>\n","protected":false},"excerpt":{"rendered":"<p>L\u2019Office vaudois de l\u2019assurance-invalidit\u00e9 est n\u00e9 en 1995, avec l\u2019entr\u00e9e en vigueur de la 3e r\u00e9vision de l\u2019AI. \u00c0 l\u2019\u00e9poque, le personnel ne d\u00e9passait pas 95 personnes. Aujourd\u2019hui, l\u2019effectif se monte \u00e0 330 collaboratrices et collaborateurs. Cette croissance n\u2019a pas \u00e9t\u00e9 sans exiger une extension consid\u00e9rable des locaux: le si\u00e8ge de l\u2019OAI Vaud, au num\u00e9ro 8 de l\u2019avenue G\u00e9n\u00e9ral Guisan, \u00e0 Vevey, a \u00e9t\u00e9 agrandi par la construction d\u2019immeubles contigus.<\/p>\n","protected":false},"author":2,"featured_media":918,"comment_status":"closed","ping_status":"open","sticky":false,"template":"","format":"standard","meta":{"inline_featured_image":false,"footnotes":""},"categories":[22],"tags":[],"class_list":{"0":"post-1576","1":"post","2":"type-post","3":"status-publish","4":"format-standard","5":"has-post-thumbnail","7":"category-etude-de-cas"},"yoast_head":"<!-- This site is optimized with the Yoast SEO plugin v27.2 - https:\/\/yoast.com\/product\/yoast-seo-wordpress\/ -->\n<title>Plus rapide, plus productif, plus avantageaux: le traitement int\u00e9gr\u00e9 du courrier - Syspost AG<\/title>\n<meta name=\"robots\" content=\"index, follow, max-snippet:-1, max-image-preview:large, max-video-preview:-1\" \/>\n<link rel=\"canonical\" href=\"https:\/\/syspost.ch\/fr\/plus-rapide-plus-productif-plus-avantageaux-le-traitement-integre-du-courrier\/\" \/>\n<meta property=\"og:locale\" content=\"fr_FR\" \/>\n<meta property=\"og:type\" content=\"article\" \/>\n<meta property=\"og:title\" content=\"Plus rapide, plus productif, plus avantageaux: le traitement int\u00e9gr\u00e9 du courrier - Syspost AG\" \/>\n<meta property=\"og:description\" content=\"L\u2019Office vaudois de l\u2019assurance-invalidit\u00e9 est n\u00e9 en 1995, avec l\u2019entr\u00e9e en vigueur de la 3e r\u00e9vision de l\u2019AI. \u00c0 l\u2019\u00e9poque, le personnel ne d\u00e9passait pas 95 personnes. Aujourd\u2019hui, l\u2019effectif se monte \u00e0 330 collaboratrices et collaborateurs. Cette croissance n\u2019a pas \u00e9t\u00e9 sans exiger une extension consid\u00e9rable des locaux: le si\u00e8ge de l\u2019OAI Vaud, au num\u00e9ro 8 de l\u2019avenue G\u00e9n\u00e9ral Guisan, \u00e0 Vevey, a \u00e9t\u00e9 agrandi par la construction d\u2019immeubles contigus.\" \/>\n<meta property=\"og:url\" content=\"https:\/\/syspost.ch\/fr\/plus-rapide-plus-productif-plus-avantageaux-le-traitement-integre-du-courrier\/\" \/>\n<meta property=\"og:site_name\" content=\"Syspost AG\" \/>\n<meta property=\"article:published_time\" content=\"2014-04-03T09:09:16+00:00\" \/>\n<meta property=\"article:modified_time\" content=\"2026-01-29T14:17:22+00:00\" \/>\n<meta property=\"og:image\" content=\"https:\/\/syspost.ch\/wp-content\/uploads\/2018\/12\/iv-stelle-oai.jpg\" \/>\n\t<meta property=\"og:image:width\" content=\"700\" \/>\n\t<meta property=\"og:image:height\" content=\"410\" \/>\n\t<meta property=\"og:image:type\" content=\"image\/jpeg\" \/>\n<meta name=\"author\" content=\"Marco Gola\" \/>\n<meta name=\"twitter:card\" content=\"summary_large_image\" \/>\n<meta name=\"twitter:label1\" content=\"\u00c9crit par\" \/>\n\t<meta name=\"twitter:data1\" content=\"Marco Gola\" \/>\n\t<meta name=\"twitter:label2\" content=\"Dur\u00e9e de lecture estim\u00e9e\" \/>\n\t<meta name=\"twitter:data2\" content=\"4 minutes\" \/>\n<script type=\"application\/ld+json\" class=\"yoast-schema-graph\">{\"@context\":\"https:\/\/schema.org\",\"@graph\":[{\"@type\":\"Article\",\"@id\":\"https:\/\/syspost.ch\/fr\/plus-rapide-plus-productif-plus-avantageaux-le-traitement-integre-du-courrier\/#article\",\"isPartOf\":{\"@id\":\"https:\/\/syspost.ch\/fr\/plus-rapide-plus-productif-plus-avantageaux-le-traitement-integre-du-courrier\/\"},\"author\":{\"name\":\"Marco Gola\",\"@id\":\"https:\/\/syspost.ch\/fr\/#\/schema\/person\/cb095a660f25ac05708083d5d09b434f\"},\"headline\":\"Plus rapide, plus productif, plus avantageaux: le traitement int\u00e9gr\u00e9 du courrier\",\"datePublished\":\"2014-04-03T09:09:16+00:00\",\"dateModified\":\"2026-01-29T14:17:22+00:00\",\"mainEntityOfPage\":{\"@id\":\"https:\/\/syspost.ch\/fr\/plus-rapide-plus-productif-plus-avantageaux-le-traitement-integre-du-courrier\/\"},\"wordCount\":750,\"publisher\":{\"@id\":\"https:\/\/syspost.ch\/fr\/#organization\"},\"image\":{\"@id\":\"https:\/\/syspost.ch\/fr\/plus-rapide-plus-productif-plus-avantageaux-le-traitement-integre-du-courrier\/#primaryimage\"},\"thumbnailUrl\":\"https:\/\/syspost.ch\/wp-content\/uploads\/2018\/12\/iv-stelle-oai.jpg\",\"articleSection\":[\"\u00c9tude de cas\"],\"inLanguage\":\"fr-FR\"},{\"@type\":\"WebPage\",\"@id\":\"https:\/\/syspost.ch\/fr\/plus-rapide-plus-productif-plus-avantageaux-le-traitement-integre-du-courrier\/\",\"url\":\"https:\/\/syspost.ch\/fr\/plus-rapide-plus-productif-plus-avantageaux-le-traitement-integre-du-courrier\/\",\"name\":\"Plus rapide, plus productif, plus avantageaux: le traitement int\u00e9gr\u00e9 du courrier - Syspost AG\",\"isPartOf\":{\"@id\":\"https:\/\/syspost.ch\/fr\/#website\"},\"primaryImageOfPage\":{\"@id\":\"https:\/\/syspost.ch\/fr\/plus-rapide-plus-productif-plus-avantageaux-le-traitement-integre-du-courrier\/#primaryimage\"},\"image\":{\"@id\":\"https:\/\/syspost.ch\/fr\/plus-rapide-plus-productif-plus-avantageaux-le-traitement-integre-du-courrier\/#primaryimage\"},\"thumbnailUrl\":\"https:\/\/syspost.ch\/wp-content\/uploads\/2018\/12\/iv-stelle-oai.jpg\",\"datePublished\":\"2014-04-03T09:09:16+00:00\",\"dateModified\":\"2026-01-29T14:17:22+00:00\",\"breadcrumb\":{\"@id\":\"https:\/\/syspost.ch\/fr\/plus-rapide-plus-productif-plus-avantageaux-le-traitement-integre-du-courrier\/#breadcrumb\"},\"inLanguage\":\"fr-FR\",\"potentialAction\":[{\"@type\":\"ReadAction\",\"target\":[\"https:\/\/syspost.ch\/fr\/plus-rapide-plus-productif-plus-avantageaux-le-traitement-integre-du-courrier\/\"]}]},{\"@type\":\"ImageObject\",\"inLanguage\":\"fr-FR\",\"@id\":\"https:\/\/syspost.ch\/fr\/plus-rapide-plus-productif-plus-avantageaux-le-traitement-integre-du-courrier\/#primaryimage\",\"url\":\"https:\/\/syspost.ch\/wp-content\/uploads\/2018\/12\/iv-stelle-oai.jpg\",\"contentUrl\":\"https:\/\/syspost.ch\/wp-content\/uploads\/2018\/12\/iv-stelle-oai.jpg\",\"width\":700,\"height\":410,\"caption\":\"Geb\u00e4ude IV Stelle OAI\"},{\"@type\":\"BreadcrumbList\",\"@id\":\"https:\/\/syspost.ch\/fr\/plus-rapide-plus-productif-plus-avantageaux-le-traitement-integre-du-courrier\/#breadcrumb\",\"itemListElement\":[{\"@type\":\"ListItem\",\"position\":1,\"name\":\"Startseite\",\"item\":\"https:\/\/syspost.ch\/fr\/accueil\/\"},{\"@type\":\"ListItem\",\"position\":2,\"name\":\"Plus rapide, plus productif, plus avantageaux: le traitement int\u00e9gr\u00e9 du courrier\"}]},{\"@type\":\"WebSite\",\"@id\":\"https:\/\/syspost.ch\/fr\/#website\",\"url\":\"https:\/\/syspost.ch\/fr\/\",\"name\":\"Syspost AG\",\"description\":\"Hardware- und Softwarel\u00f6sung f\u00fcr mehr Effizienz in der Post- und Dokumentenlogistik\",\"publisher\":{\"@id\":\"https:\/\/syspost.ch\/fr\/#organization\"},\"potentialAction\":[{\"@type\":\"SearchAction\",\"target\":{\"@type\":\"EntryPoint\",\"urlTemplate\":\"https:\/\/syspost.ch\/fr\/?s={search_term_string}\"},\"query-input\":{\"@type\":\"PropertyValueSpecification\",\"valueRequired\":true,\"valueName\":\"search_term_string\"}}],\"inLanguage\":\"fr-FR\"},{\"@type\":\"Organization\",\"@id\":\"https:\/\/syspost.ch\/fr\/#organization\",\"name\":\"Syspost AG\",\"url\":\"https:\/\/syspost.ch\/fr\/\",\"logo\":{\"@type\":\"ImageObject\",\"inLanguage\":\"fr-FR\",\"@id\":\"https:\/\/syspost.ch\/fr\/#\/schema\/logo\/image\/\",\"url\":\"https:\/\/syspost.ch\/wp-content\/uploads\/2024\/09\/syspost-logo-bright-bg.svg\",\"contentUrl\":\"https:\/\/syspost.ch\/wp-content\/uploads\/2024\/09\/syspost-logo-bright-bg.svg\",\"width\":250,\"height\":57,\"caption\":\"Syspost AG\"},\"image\":{\"@id\":\"https:\/\/syspost.ch\/fr\/#\/schema\/logo\/image\/\"}},{\"@type\":\"Person\",\"@id\":\"https:\/\/syspost.ch\/fr\/#\/schema\/person\/cb095a660f25ac05708083d5d09b434f\",\"name\":\"Marco Gola\",\"description\":\"Gesch\u00e4ftsf\u00fchrer der Syspost AG\",\"url\":\"https:\/\/syspost.ch\/fr\/author\/marco-gola\/\"}]}<\/script>\n<!-- \/ Yoast SEO plugin. -->","yoast_head_json":{"title":"Plus rapide, plus productif, plus avantageaux: le traitement int\u00e9gr\u00e9 du courrier - Syspost AG","robots":{"index":"index","follow":"follow","max-snippet":"max-snippet:-1","max-image-preview":"max-image-preview:large","max-video-preview":"max-video-preview:-1"},"canonical":"https:\/\/syspost.ch\/fr\/plus-rapide-plus-productif-plus-avantageaux-le-traitement-integre-du-courrier\/","og_locale":"fr_FR","og_type":"article","og_title":"Plus rapide, plus productif, plus avantageaux: le traitement int\u00e9gr\u00e9 du courrier - Syspost AG","og_description":"L\u2019Office vaudois de l\u2019assurance-invalidit\u00e9 est n\u00e9 en 1995, avec l\u2019entr\u00e9e en vigueur de la 3e r\u00e9vision de l\u2019AI. \u00c0 l\u2019\u00e9poque, le personnel ne d\u00e9passait pas 95 personnes. Aujourd\u2019hui, l\u2019effectif se monte \u00e0 330 collaboratrices et collaborateurs. Cette croissance n\u2019a pas \u00e9t\u00e9 sans exiger une extension consid\u00e9rable des locaux: le si\u00e8ge de l\u2019OAI Vaud, au num\u00e9ro 8 de l\u2019avenue G\u00e9n\u00e9ral Guisan, \u00e0 Vevey, a \u00e9t\u00e9 agrandi par la construction d\u2019immeubles contigus.","og_url":"https:\/\/syspost.ch\/fr\/plus-rapide-plus-productif-plus-avantageaux-le-traitement-integre-du-courrier\/","og_site_name":"Syspost AG","article_published_time":"2014-04-03T09:09:16+00:00","article_modified_time":"2026-01-29T14:17:22+00:00","og_image":[{"width":700,"height":410,"url":"https:\/\/syspost.ch\/wp-content\/uploads\/2018\/12\/iv-stelle-oai.jpg","type":"image\/jpeg"}],"author":"Marco Gola","twitter_card":"summary_large_image","twitter_misc":{"\u00c9crit par":"Marco Gola","Dur\u00e9e de lecture estim\u00e9e":"4 minutes"},"schema":{"@context":"https:\/\/schema.org","@graph":[{"@type":"Article","@id":"https:\/\/syspost.ch\/fr\/plus-rapide-plus-productif-plus-avantageaux-le-traitement-integre-du-courrier\/#article","isPartOf":{"@id":"https:\/\/syspost.ch\/fr\/plus-rapide-plus-productif-plus-avantageaux-le-traitement-integre-du-courrier\/"},"author":{"name":"Marco Gola","@id":"https:\/\/syspost.ch\/fr\/#\/schema\/person\/cb095a660f25ac05708083d5d09b434f"},"headline":"Plus rapide, plus productif, plus avantageaux: le traitement int\u00e9gr\u00e9 du courrier","datePublished":"2014-04-03T09:09:16+00:00","dateModified":"2026-01-29T14:17:22+00:00","mainEntityOfPage":{"@id":"https:\/\/syspost.ch\/fr\/plus-rapide-plus-productif-plus-avantageaux-le-traitement-integre-du-courrier\/"},"wordCount":750,"publisher":{"@id":"https:\/\/syspost.ch\/fr\/#organization"},"image":{"@id":"https:\/\/syspost.ch\/fr\/plus-rapide-plus-productif-plus-avantageaux-le-traitement-integre-du-courrier\/#primaryimage"},"thumbnailUrl":"https:\/\/syspost.ch\/wp-content\/uploads\/2018\/12\/iv-stelle-oai.jpg","articleSection":["\u00c9tude de cas"],"inLanguage":"fr-FR"},{"@type":"WebPage","@id":"https:\/\/syspost.ch\/fr\/plus-rapide-plus-productif-plus-avantageaux-le-traitement-integre-du-courrier\/","url":"https:\/\/syspost.ch\/fr\/plus-rapide-plus-productif-plus-avantageaux-le-traitement-integre-du-courrier\/","name":"Plus rapide, plus productif, plus avantageaux: le traitement int\u00e9gr\u00e9 du courrier - Syspost AG","isPartOf":{"@id":"https:\/\/syspost.ch\/fr\/#website"},"primaryImageOfPage":{"@id":"https:\/\/syspost.ch\/fr\/plus-rapide-plus-productif-plus-avantageaux-le-traitement-integre-du-courrier\/#primaryimage"},"image":{"@id":"https:\/\/syspost.ch\/fr\/plus-rapide-plus-productif-plus-avantageaux-le-traitement-integre-du-courrier\/#primaryimage"},"thumbnailUrl":"https:\/\/syspost.ch\/wp-content\/uploads\/2018\/12\/iv-stelle-oai.jpg","datePublished":"2014-04-03T09:09:16+00:00","dateModified":"2026-01-29T14:17:22+00:00","breadcrumb":{"@id":"https:\/\/syspost.ch\/fr\/plus-rapide-plus-productif-plus-avantageaux-le-traitement-integre-du-courrier\/#breadcrumb"},"inLanguage":"fr-FR","potentialAction":[{"@type":"ReadAction","target":["https:\/\/syspost.ch\/fr\/plus-rapide-plus-productif-plus-avantageaux-le-traitement-integre-du-courrier\/"]}]},{"@type":"ImageObject","inLanguage":"fr-FR","@id":"https:\/\/syspost.ch\/fr\/plus-rapide-plus-productif-plus-avantageaux-le-traitement-integre-du-courrier\/#primaryimage","url":"https:\/\/syspost.ch\/wp-content\/uploads\/2018\/12\/iv-stelle-oai.jpg","contentUrl":"https:\/\/syspost.ch\/wp-content\/uploads\/2018\/12\/iv-stelle-oai.jpg","width":700,"height":410,"caption":"Geb\u00e4ude IV Stelle OAI"},{"@type":"BreadcrumbList","@id":"https:\/\/syspost.ch\/fr\/plus-rapide-plus-productif-plus-avantageaux-le-traitement-integre-du-courrier\/#breadcrumb","itemListElement":[{"@type":"ListItem","position":1,"name":"Startseite","item":"https:\/\/syspost.ch\/fr\/accueil\/"},{"@type":"ListItem","position":2,"name":"Plus rapide, plus productif, plus avantageaux: le traitement int\u00e9gr\u00e9 du courrier"}]},{"@type":"WebSite","@id":"https:\/\/syspost.ch\/fr\/#website","url":"https:\/\/syspost.ch\/fr\/","name":"Syspost AG","description":"Hardware- und Softwarel\u00f6sung f\u00fcr mehr Effizienz in der Post- und Dokumentenlogistik","publisher":{"@id":"https:\/\/syspost.ch\/fr\/#organization"},"potentialAction":[{"@type":"SearchAction","target":{"@type":"EntryPoint","urlTemplate":"https:\/\/syspost.ch\/fr\/?s={search_term_string}"},"query-input":{"@type":"PropertyValueSpecification","valueRequired":true,"valueName":"search_term_string"}}],"inLanguage":"fr-FR"},{"@type":"Organization","@id":"https:\/\/syspost.ch\/fr\/#organization","name":"Syspost AG","url":"https:\/\/syspost.ch\/fr\/","logo":{"@type":"ImageObject","inLanguage":"fr-FR","@id":"https:\/\/syspost.ch\/fr\/#\/schema\/logo\/image\/","url":"https:\/\/syspost.ch\/wp-content\/uploads\/2024\/09\/syspost-logo-bright-bg.svg","contentUrl":"https:\/\/syspost.ch\/wp-content\/uploads\/2024\/09\/syspost-logo-bright-bg.svg","width":250,"height":57,"caption":"Syspost AG"},"image":{"@id":"https:\/\/syspost.ch\/fr\/#\/schema\/logo\/image\/"}},{"@type":"Person","@id":"https:\/\/syspost.ch\/fr\/#\/schema\/person\/cb095a660f25ac05708083d5d09b434f","name":"Marco Gola","description":"Gesch\u00e4ftsf\u00fchrer der Syspost AG","url":"https:\/\/syspost.ch\/fr\/author\/marco-gola\/"}]}},"_links":{"self":[{"href":"https:\/\/syspost.ch\/fr\/wp-json\/wp\/v2\/posts\/1576","targetHints":{"allow":["GET"]}}],"collection":[{"href":"https:\/\/syspost.ch\/fr\/wp-json\/wp\/v2\/posts"}],"about":[{"href":"https:\/\/syspost.ch\/fr\/wp-json\/wp\/v2\/types\/post"}],"author":[{"embeddable":true,"href":"https:\/\/syspost.ch\/fr\/wp-json\/wp\/v2\/users\/2"}],"replies":[{"embeddable":true,"href":"https:\/\/syspost.ch\/fr\/wp-json\/wp\/v2\/comments?post=1576"}],"version-history":[{"count":1,"href":"https:\/\/syspost.ch\/fr\/wp-json\/wp\/v2\/posts\/1576\/revisions"}],"predecessor-version":[{"id":5445,"href":"https:\/\/syspost.ch\/fr\/wp-json\/wp\/v2\/posts\/1576\/revisions\/5445"}],"wp:featuredmedia":[{"embeddable":true,"href":"https:\/\/syspost.ch\/fr\/wp-json\/wp\/v2\/media\/918"}],"wp:attachment":[{"href":"https:\/\/syspost.ch\/fr\/wp-json\/wp\/v2\/media?parent=1576"}],"wp:term":[{"taxonomy":"category","embeddable":true,"href":"https:\/\/syspost.ch\/fr\/wp-json\/wp\/v2\/categories?post=1576"},{"taxonomy":"post_tag","embeddable":true,"href":"https:\/\/syspost.ch\/fr\/wp-json\/wp\/v2\/tags?post=1576"}],"curies":[{"name":"wp","href":"https:\/\/api.w.org\/{rel}","templated":true}]}}